{"id":160,"date":"2026-04-21T20:08:24","date_gmt":"2026-04-21T20:08:24","guid":{"rendered":"http:\/\/wplecionywatek.pl\/?p=160"},"modified":"2026-04-21T20:08:25","modified_gmt":"2026-04-21T20:08:25","slug":"sama-opowiesc-o-annie-bilinskiej-recenzja","status":"publish","type":"post","link":"https:\/\/wplecionywatek.pl\/index.php\/2026\/04\/21\/sama-opowiesc-o-annie-bilinskiej-recenzja\/","title":{"rendered":"\u201eSama \u2013 opowie\u015b\u0107 o Annie Bili\u0144skiej\u201d \u2013 recenzja"},"content":{"rendered":"\n<h4 class=\"wp-block-heading\">Anna Bili\u0144ska \u2013 malarka o nieprzeci\u0119tnym charakterze. Spe\u0142niona artystka, kt\u00f3rej \u017cycie naznaczy\u0142a samotno\u015b\u0107 \u2013 tak potrzebna, ale zarazem nieunikniona. W takich okoliczno\u015bciach pozosta\u0142a silna, zdeterminowana i sprawcza. Taki obraz kreuje autorka \u201eOpowie\u015bci o Annie Bili\u0144skiej\u201d, Ma\u0142gorzata Ziewiecka.<\/h4>\n\n\n\n<p>Czy warto si\u0119gn\u0105\u0107 po t\u0119 biografi\u0119?<\/p>\n\n\n\n<p>[wsp\u00f3\u0142praca recenzencka]<\/p>\n\n\n\n<h2 class=\"wp-block-heading\">&#8220;Sama &#8211; opowie\u015b\u0107 o Annie Bili\u0144skiej&#8221; &#8211; o czym jest ta ksi\u0105\u017cka?<\/h2>\n\n\n\n<p>\u201eSama \u2013 opowie\u015b\u0107 o Annie Bili\u0144skiej\u201d to biografia najwa\u017cniejszej polskiej malarki XIX wieku wydana nak\u0142adem Wydawnictwa Muza. Ma\u0142gorzata Zawiecka przeplata w ksi\u0105\u017cce fakty z \u017cycia osobistego i do\u015bwiadczenia, kt\u00f3re doprowadzi\u0142y do najwa\u017cniejszych obraz\u00f3w artystki. Z wra\u017cliwo\u015bci\u0105 przenika przez histori\u0119 w pr\u00f3bie odtworzenia reali\u00f3w \u017cycia malarki.<\/p>\n\n\n\n<p>\u017bycie Anny Bili\u0144skiej by\u0142o nie\u0142atwe. Ambicje m\u0142odej panny z dobrego domu w XIX wieku powinny przecie\u017c raczej \u0142\u0105czy\u0107 si\u0119 z w\u0142asnym domem oraz rodzin\u0105. Mimo wielkiego talentu, wsparcia rodzic\u00f3w i najbardziej utalentowanych artyst\u00f3w tego okresu, pocz\u0105tki kariery wi\u0105za\u0142y si\u0119 z bied\u0105.<\/p>\n\n\n\n<p>Ksi\u0105\u017cka prezentuje Ann\u0119 Bili\u0144sk\u0105 jako bohaterk\u0119 z krwi i ko\u015bci. Malark\u0119 maj\u0105c\u0105 wp\u0142yw na polsk\u0105 kultur\u0119. R\u00f3wnie uznan\u0105 i utalentowan\u0105, co jej koledzy po fachu. Warto pami\u0119ta\u0107 tak samo jak o Janie Matejce czy Michale Elwiro Andriollim. To wa\u017cne szczeg\u00f3lnie dla wsp\u00f3\u0142czesnych odbiorczy\u0144 sztuki. <\/p>\n\n\n\n<h2 class=\"wp-block-heading\"><strong>Biografia w interesuj\u0105cej formie<\/strong><\/h2>\n\n\n\n<p>Ksi\u0105\u017cka Ma\u0142gorzaty Zawieckiej wzbudza wiele pyta\u0144. Fabu\u0142a z dialogami przypisanymi konkretnym charakterom \u2013 to co\u015b, co znamy raczej z ksi\u0105\u017cek historycznych. A biografia i ksi\u0105\u017cka historyczna to w moim przekonaniu dwie r\u00f3\u017cne formy literackie. <\/p>\n\n\n\n<p>Jednocze\u015bnie wida\u0107, \u017ce bohaterka jest r\u00f3wnie wa\u017cna dla Autorki tekstu, jak i dla czytelnika. A napisana lekkim pi\u00f3rem po prostu czyta si\u0119 sama. Fabularyzowana forma biografii Bili\u0144skiej pomaga w lepszym odbiorze otoczenia &#8211; politycznego oraz spo\u0142ecznego &#8211; bohaterki. Przez to sama Bili\u0144ska przestaje by\u0107 taka odleg\u0142a. Nazwisko Anny Bili\u0144skiej jest teraz r\u00f3wnie znajome, co imi\u0119 Charlotty Bront\u00eb czy Jane Austen. I my\u015bl\u0119, \u017ce nasze rodzime artystki zas\u0142uguj\u0105 na podobn\u0105 s\u0142aw\u0119, co angielskie! <\/p>\n\n\n\n<p>Ponadto dostajemy tutaj te\u017c kilka stron bibliografii, kt\u00f3ra pozwala na zg\u0142\u0119bienie tematu Bili\u0144skiej z naukowej strony. No i intencj\u0105 nie jest jedynie zapoznanie si\u0119 z histori\u0105 znanej postaci. Intencj\u0105 jest otworzenie si\u0119 na tw\u00f3rczo\u015b\u0107 Anny Bili\u0144skiej, na zauwa\u017cenie jej po\u015br\u00f3d innych utalentowanych malarzy XIX wieku oraz docenienie jej wp\u0142ywu na polsk\u0105 kultur\u0119.<\/p>\n\n\n\n<h2 class=\"wp-block-heading\">&#8220;Anna &#8211; opowie\u015b\u0107 o Annie Bili\u0144skiej&#8221; to podr\u00f3\u017c przez drog\u0119 artystyczn\u0105<\/h2>\n\n\n\n<p>Ksi\u0105\u017cka wzbogacona jest o szkice oraz reprodukcje obraz\u00f3w Anny Bili\u0144skiej, ale te\u017c artyst\u00f3w z otoczenia malarki. Dzi\u0119ki temu ca\u0142o\u015b\u0107 jest pi\u0119kn\u0105, zamkni\u0119t\u0105 kompozycj\u0105 \u2013 zapraszaj\u0105c\u0105 do dalszego zg\u0142\u0119biania malarstwa okresu rozbior\u00f3w w polskim spo\u0142ecze\u0144stwie.<\/p>\n\n\n\n<p>Opowie\u015b\u0107 zosta\u0142a napisana pi\u0119knym, ale przyjaznym stylem. Je\u015bli do\u0142o\u017cymy do tego mo\u017cliwo\u015b\u0107 obejrzenia reprodukcjo oraz zach\u0119t\u0119 do dalszego poszukiwania tw\u00f3rczo\u015bci Bili\u0144skiej \u2013 to ksi\u0105\u017cka spe\u0142ni\u0142a swoje za\u0142o\u017cenia w stu procentach! <\/p>\n\n\n\n<h2 class=\"wp-block-heading\"><strong>Wsparcie emocjonalne artyst\u00f3w?<\/strong><\/h2>\n\n\n\n<p>W \u201eOpowie\u015bci o Annie Bili\u0144skiej\u201d szczeg\u00f3lnie spodoba\u0142 mi si\u0119 obraz samotno\u015bci nie tylko jako okre\u015blenia trudno\u015bci \u017cycia. Dla kogo\u015b, kto tworzy sztuk\u0119, samotno\u015b\u0107 jest elementem \u017cycia potrzebnym do realizacji projekt\u00f3w, o czym wspomina m.in<a href=\"https:\/\/www.instagram.com\/p\/DMF0cRFIzRG\/?hl=en\" type=\"link\" id=\"https:\/\/www.instagram.com\/p\/DMF0cRFIzRG\/?hl=en\"> &#8220;Droga Artysty&#8221; Julii Cameron.<\/a>. Dla Anny Bili\u0144skiej oznacza\u0142o to z jednej strony prac\u0119 do p\u00f3\u017anych godzin \u2013 z drugiej umiej\u0119tno\u015b\u0107 odwa\u017cnego wykraczania poza to co by\u0142o odpowiednie dla kobiet w jej wieku w oczach otoczenia.<\/p>\n\n\n\n<p>Drugim wa\u017cnym elementem dla wszystkich tw\u00f3rc\u00f3w \u2013 ale zw\u0142aszcza tworz\u0105cych kobiet \u2013 jest przybli\u017cenie historii &nbsp;innych kobiet tego okresu. Jaka historia stoi za tym by\u015bmy my mog\u0142y dzia\u0142a\u0107 w interesuj\u0105cych nas obszarach? Zwr\u00f3cenie uwagi na histori\u0119, kt\u00f3ra umo\u017cliwi\u0142a mnie samej pisanie tre\u015bci \u2013 pod w\u0142asnym nazwiskiem, nie musz\u0105c si\u0119 posi\u0142kowa\u0107 wsparciem brata czy m\u0119\u017ca.<\/p>\n\n\n\n<p>Czytali\u015bcie ju\u017c \u201eSam\u0105 \u2013 opowie\u015b\u0107 o Annie Bili\u0144skiej\u201d?<\/p>\n\n\n\n<p>Dajcie zna\u0107 w komentarzach!<\/p>\n\n\n\n<p>Magda<\/p>\n","protected":false},"excerpt":{"rendered":"<p>Anna Bili\u0144ska \u2013 malarka o nieprzeci\u0119tnym charakterze. Spe\u0142niona artystka, kt\u00f3rej \u017cycie naznaczy\u0142a samotno\u015b\u0107 \u2013 tak potrzebna, ale zarazem nieunikniona. W takich okoliczno\u015bciach pozosta\u0142a silna, zdeterminowana i sprawcza. Taki obraz kreuje autorka \u201eOpowie\u015bci o Annie Bili\u0144skiej\u201d, Ma\u0142gorzata Ziewiecka. Czy warto si\u0119gn\u0105\u0107 po t\u0119 biografi\u0119? [wsp\u00f3\u0142praca recenzencka] &#8220;Sama &#8211; opowie\u015b\u0107 o Annie Bili\u0144skiej&#8221; &#8211; o czym jest&#8230;<\/p>\n","protected":false},"author":1,"featured_media":166,"comment_status":"open","ping_status":"open","sticky":false,"template":"","format":"standard","meta":{"_jetpack_memberships_contains_paid_content":false,"footnotes":""},"categories":[1],"tags":[],"class_list":["post-160","post","type-post","status-publish","format-standard","has-post-thumbnail","hentry","category-blog"],"yoast_head":"<!-- This site is optimized with the Yoast SEO plugin v27.4 - https:\/\/yoast.com\/product\/yoast-seo-wordpress\/ -->\n<title>\u201eSama \u2013 opowie\u015b\u0107 o Annie Bili\u0144skiej\u201d \u2013 recenzja - Wpleciony w\u0105tek<\/title>\n<meta name=\"description\" content=\"&quot;Sama - opowie\u015b\u0107 o Annie Bili\u0144skiej Ma\u0142gorzaty Ziewieckiej to nowo\u015b\u0107 wydana nak\u0142adem Wydawnictwa Muza. Czy warto po ni\u0105 si\u0119gna\u0107?\" \/>\n<meta name=\"robots\" content=\"index, follow, max-snippet:-1, max-image-preview:large, max-video-preview:-1\" \/>\n<link rel=\"canonical\" href=\"https:\/\/wplecionywatek.pl\/index.php\/2026\/04\/21\/sama-opowiesc-o-annie-bilinskiej-recenzja\/\" \/>\n<meta property=\"og:locale\" content=\"en_US\" \/>\n<meta property=\"og:type\" content=\"article\" \/>\n<meta property=\"og:title\" content=\"\u201eSama \u2013 opowie\u015b\u0107 o Annie Bili\u0144skiej\u201d \u2013 recenzja - Wpleciony w\u0105tek\" \/>\n<meta property=\"og:description\" content=\"&quot;Sama - opowie\u015b\u0107 o Annie Bili\u0144skiej Ma\u0142gorzaty Ziewieckiej to nowo\u015b\u0107 wydana nak\u0142adem Wydawnictwa Muza. Czy warto po ni\u0105 si\u0119gna\u0107?\" \/>\n<meta property=\"og:url\" content=\"https:\/\/wplecionywatek.pl\/index.php\/2026\/04\/21\/sama-opowiesc-o-annie-bilinskiej-recenzja\/\" \/>\n<meta property=\"og:site_name\" content=\"Wpleciony w\u0105tek\" \/>\n<meta property=\"article:published_time\" content=\"2026-04-21T20:08:24+00:00\" \/>\n<meta property=\"article:modified_time\" content=\"2026-04-21T20:08:25+00:00\" \/>\n<meta property=\"og:image\" content=\"https:\/\/wplecionywatek.pl\/wp-content\/uploads\/2026\/04\/Zdjecie-wyrozniajace-na-Blog-19.jpg\" \/>\n\t<meta property=\"og:image:width\" content=\"1080\" \/>\n\t<meta property=\"og:image:height\" content=\"720\" \/>\n\t<meta property=\"og:image:type\" content=\"image\/jpeg\" \/>\n<meta name=\"author\" content=\"Magda Wpleciony W\u0105tek\" \/>\n<meta name=\"twitter:card\" content=\"summary_large_image\" \/>\n<meta name=\"twitter:label1\" content=\"Written by\" \/>\n\t<meta name=\"twitter:data1\" content=\"Magda Wpleciony W\u0105tek\" \/>\n\t<meta name=\"twitter:label2\" content=\"Est. reading time\" \/>\n\t<meta name=\"twitter:data2\" content=\"3 minutes\" \/>\n<script type=\"application\/ld+json\" class=\"yoast-schema-graph\">{\"@context\":\"https:\\\/\\\/schema.org\",\"@graph\":[{\"@type\":\"Article\",\"@id\":\"https:\\\/\\\/wplecionywatek.pl\\\/index.php\\\/2026\\\/04\\\/21\\\/sama-opowiesc-o-annie-bilinskiej-recenzja\\\/#article\",\"isPartOf\":{\"@id\":\"https:\\\/\\\/wplecionywatek.pl\\\/index.php\\\/2026\\\/04\\\/21\\\/sama-opowiesc-o-annie-bilinskiej-recenzja\\\/\"},\"author\":{\"name\":\"Magda Wpleciony W\u0105tek\",\"@id\":\"https:\\\/\\\/wplecionywatek.pl\\\/#\\\/schema\\\/person\\\/06b9da23e7cb1ecb959aa89d4146c7f7\"},\"headline\":\"\u201eSama \u2013 opowie\u015b\u0107 o Annie Bili\u0144skiej\u201d \u2013 recenzja\",\"datePublished\":\"2026-04-21T20:08:24+00:00\",\"dateModified\":\"2026-04-21T20:08:25+00:00\",\"mainEntityOfPage\":{\"@id\":\"https:\\\/\\\/wplecionywatek.pl\\\/index.php\\\/2026\\\/04\\\/21\\\/sama-opowiesc-o-annie-bilinskiej-recenzja\\\/\"},\"wordCount\":702,\"commentCount\":0,\"image\":{\"@id\":\"https:\\\/\\\/wplecionywatek.pl\\\/index.php\\\/2026\\\/04\\\/21\\\/sama-opowiesc-o-annie-bilinskiej-recenzja\\\/#primaryimage\"},\"thumbnailUrl\":\"https:\\\/\\\/wplecionywatek.pl\\\/wp-content\\\/uploads\\\/2026\\\/04\\\/Zdjecie-wyrozniajace-na-Blog-19.jpg\",\"articleSection\":[\"Blog\"],\"inLanguage\":\"en-US\",\"potentialAction\":[{\"@type\":\"CommentAction\",\"name\":\"Comment\",\"target\":[\"https:\\\/\\\/wplecionywatek.pl\\\/index.php\\\/2026\\\/04\\\/21\\\/sama-opowiesc-o-annie-bilinskiej-recenzja\\\/#respond\"]}]},{\"@type\":\"WebPage\",\"@id\":\"https:\\\/\\\/wplecionywatek.pl\\\/index.php\\\/2026\\\/04\\\/21\\\/sama-opowiesc-o-annie-bilinskiej-recenzja\\\/\",\"url\":\"https:\\\/\\\/wplecionywatek.pl\\\/index.php\\\/2026\\\/04\\\/21\\\/sama-opowiesc-o-annie-bilinskiej-recenzja\\\/\",\"name\":\"\u201eSama \u2013 opowie\u015b\u0107 o Annie Bili\u0144skiej\u201d \u2013 recenzja - Wpleciony w\u0105tek\",\"isPartOf\":{\"@id\":\"https:\\\/\\\/wplecionywatek.pl\\\/#website\"},\"primaryImageOfPage\":{\"@id\":\"https:\\\/\\\/wplecionywatek.pl\\\/index.php\\\/2026\\\/04\\\/21\\\/sama-opowiesc-o-annie-bilinskiej-recenzja\\\/#primaryimage\"},\"image\":{\"@id\":\"https:\\\/\\\/wplecionywatek.pl\\\/index.php\\\/2026\\\/04\\\/21\\\/sama-opowiesc-o-annie-bilinskiej-recenzja\\\/#primaryimage\"},\"thumbnailUrl\":\"https:\\\/\\\/wplecionywatek.pl\\\/wp-content\\\/uploads\\\/2026\\\/04\\\/Zdjecie-wyrozniajace-na-Blog-19.jpg\",\"datePublished\":\"2026-04-21T20:08:24+00:00\",\"dateModified\":\"2026-04-21T20:08:25+00:00\",\"author\":{\"@id\":\"https:\\\/\\\/wplecionywatek.pl\\\/#\\\/schema\\\/person\\\/06b9da23e7cb1ecb959aa89d4146c7f7\"},\"description\":\"\\\"Sama - opowie\u015b\u0107 o Annie Bili\u0144skiej Ma\u0142gorzaty Ziewieckiej to nowo\u015b\u0107 wydana nak\u0142adem Wydawnictwa Muza. Czy warto po ni\u0105 si\u0119gna\u0107?\",\"breadcrumb\":{\"@id\":\"https:\\\/\\\/wplecionywatek.pl\\\/index.php\\\/2026\\\/04\\\/21\\\/sama-opowiesc-o-annie-bilinskiej-recenzja\\\/#breadcrumb\"},\"inLanguage\":\"en-US\",\"potentialAction\":[{\"@type\":\"ReadAction\",\"target\":[\"https:\\\/\\\/wplecionywatek.pl\\\/index.php\\\/2026\\\/04\\\/21\\\/sama-opowiesc-o-annie-bilinskiej-recenzja\\\/\"]}]},{\"@type\":\"ImageObject\",\"inLanguage\":\"en-US\",\"@id\":\"https:\\\/\\\/wplecionywatek.pl\\\/index.php\\\/2026\\\/04\\\/21\\\/sama-opowiesc-o-annie-bilinskiej-recenzja\\\/#primaryimage\",\"url\":\"https:\\\/\\\/wplecionywatek.pl\\\/wp-content\\\/uploads\\\/2026\\\/04\\\/Zdjecie-wyrozniajace-na-Blog-19.jpg\",\"contentUrl\":\"https:\\\/\\\/wplecionywatek.pl\\\/wp-content\\\/uploads\\\/2026\\\/04\\\/Zdjecie-wyrozniajace-na-Blog-19.jpg\",\"width\":1080,\"height\":720,\"caption\":\"\\\"Sana - opowie\u015b\u0107 o Annie Bili\u0144skiej\\\" czyli biografia fabularyzowana.\"},{\"@type\":\"BreadcrumbList\",\"@id\":\"https:\\\/\\\/wplecionywatek.pl\\\/index.php\\\/2026\\\/04\\\/21\\\/sama-opowiesc-o-annie-bilinskiej-recenzja\\\/#breadcrumb\",\"itemListElement\":[{\"@type\":\"ListItem\",\"position\":1,\"name\":\"Home\",\"item\":\"https:\\\/\\\/wplecionywatek.pl\\\/\"},{\"@type\":\"ListItem\",\"position\":2,\"name\":\"\u201eSama \u2013 opowie\u015b\u0107 o Annie Bili\u0144skiej\u201d \u2013 recenzja\"}]},{\"@type\":\"WebSite\",\"@id\":\"https:\\\/\\\/wplecionywatek.pl\\\/#website\",\"url\":\"https:\\\/\\\/wplecionywatek.pl\\\/\",\"name\":\"Wpleciony w\u0105tek\",\"description\":\"\",\"potentialAction\":[{\"@type\":\"SearchAction\",\"target\":{\"@type\":\"EntryPoint\",\"urlTemplate\":\"https:\\\/\\\/wplecionywatek.pl\\\/?s={search_term_string}\"},\"query-input\":{\"@type\":\"PropertyValueSpecification\",\"valueRequired\":true,\"valueName\":\"search_term_string\"}}],\"inLanguage\":\"en-US\"},{\"@type\":\"Person\",\"@id\":\"https:\\\/\\\/wplecionywatek.pl\\\/#\\\/schema\\\/person\\\/06b9da23e7cb1ecb959aa89d4146c7f7\",\"name\":\"Magda Wpleciony W\u0105tek\",\"image\":{\"@type\":\"ImageObject\",\"inLanguage\":\"en-US\",\"@id\":\"https:\\\/\\\/secure.gravatar.com\\\/avatar\\\/7bd8bf5c0ece550542167fceac5cf3214e2876f079029958ad24a928a78ed73a?s=96&d=mm&r=g\",\"url\":\"https:\\\/\\\/secure.gravatar.com\\\/avatar\\\/7bd8bf5c0ece550542167fceac5cf3214e2876f079029958ad24a928a78ed73a?s=96&d=mm&r=g\",\"contentUrl\":\"https:\\\/\\\/secure.gravatar.com\\\/avatar\\\/7bd8bf5c0ece550542167fceac5cf3214e2876f079029958ad24a928a78ed73a?s=96&d=mm&r=g\",\"caption\":\"Magda Wpleciony W\u0105tek\"},\"sameAs\":[\"http:\\\/\\\/wplecionywatek.pl\"],\"url\":\"https:\\\/\\\/wplecionywatek.pl\\\/index.php\\\/author\\\/admin1361\\\/\"}]}<\/script>\n<!-- \/ Yoast SEO plugin. -->","yoast_head_json":{"title":"\u201eSama \u2013 opowie\u015b\u0107 o Annie Bili\u0144skiej\u201d \u2013 recenzja - Wpleciony w\u0105tek","description":"\"Sama - opowie\u015b\u0107 o Annie Bili\u0144skiej Ma\u0142gorzaty Ziewieckiej to nowo\u015b\u0107 wydana nak\u0142adem Wydawnictwa Muza. Czy warto po ni\u0105 si\u0119gna\u0107?","robots":{"index":"index","follow":"follow","max-snippet":"max-snippet:-1","max-image-preview":"max-image-preview:large","max-video-preview":"max-video-preview:-1"},"canonical":"https:\/\/wplecionywatek.pl\/index.php\/2026\/04\/21\/sama-opowiesc-o-annie-bilinskiej-recenzja\/","og_locale":"en_US","og_type":"article","og_title":"\u201eSama \u2013 opowie\u015b\u0107 o Annie Bili\u0144skiej\u201d \u2013 recenzja - Wpleciony w\u0105tek","og_description":"\"Sama - opowie\u015b\u0107 o Annie Bili\u0144skiej Ma\u0142gorzaty Ziewieckiej to nowo\u015b\u0107 wydana nak\u0142adem Wydawnictwa Muza. Czy warto po ni\u0105 si\u0119gna\u0107?","og_url":"https:\/\/wplecionywatek.pl\/index.php\/2026\/04\/21\/sama-opowiesc-o-annie-bilinskiej-recenzja\/","og_site_name":"Wpleciony w\u0105tek","article_published_time":"2026-04-21T20:08:24+00:00","article_modified_time":"2026-04-21T20:08:25+00:00","og_image":[{"width":1080,"height":720,"url":"https:\/\/wplecionywatek.pl\/wp-content\/uploads\/2026\/04\/Zdjecie-wyrozniajace-na-Blog-19.jpg","type":"image\/jpeg"}],"author":"Magda Wpleciony W\u0105tek","twitter_card":"summary_large_image","twitter_misc":{"Written by":"Magda Wpleciony W\u0105tek","Est. reading time":"3 minutes"},"schema":{"@context":"https:\/\/schema.org","@graph":[{"@type":"Article","@id":"https:\/\/wplecionywatek.pl\/index.php\/2026\/04\/21\/sama-opowiesc-o-annie-bilinskiej-recenzja\/#article","isPartOf":{"@id":"https:\/\/wplecionywatek.pl\/index.php\/2026\/04\/21\/sama-opowiesc-o-annie-bilinskiej-recenzja\/"},"author":{"name":"Magda Wpleciony W\u0105tek","@id":"https:\/\/wplecionywatek.pl\/#\/schema\/person\/06b9da23e7cb1ecb959aa89d4146c7f7"},"headline":"\u201eSama \u2013 opowie\u015b\u0107 o Annie Bili\u0144skiej\u201d \u2013 recenzja","datePublished":"2026-04-21T20:08:24+00:00","dateModified":"2026-04-21T20:08:25+00:00","mainEntityOfPage":{"@id":"https:\/\/wplecionywatek.pl\/index.php\/2026\/04\/21\/sama-opowiesc-o-annie-bilinskiej-recenzja\/"},"wordCount":702,"commentCount":0,"image":{"@id":"https:\/\/wplecionywatek.pl\/index.php\/2026\/04\/21\/sama-opowiesc-o-annie-bilinskiej-recenzja\/#primaryimage"},"thumbnailUrl":"https:\/\/wplecionywatek.pl\/wp-content\/uploads\/2026\/04\/Zdjecie-wyrozniajace-na-Blog-19.jpg","articleSection":["Blog"],"inLanguage":"en-US","potentialAction":[{"@type":"CommentAction","name":"Comment","target":["https:\/\/wplecionywatek.pl\/index.php\/2026\/04\/21\/sama-opowiesc-o-annie-bilinskiej-recenzja\/#respond"]}]},{"@type":"WebPage","@id":"https:\/\/wplecionywatek.pl\/index.php\/2026\/04\/21\/sama-opowiesc-o-annie-bilinskiej-recenzja\/","url":"https:\/\/wplecionywatek.pl\/index.php\/2026\/04\/21\/sama-opowiesc-o-annie-bilinskiej-recenzja\/","name":"\u201eSama \u2013 opowie\u015b\u0107 o Annie Bili\u0144skiej\u201d \u2013 recenzja - Wpleciony w\u0105tek","isPartOf":{"@id":"https:\/\/wplecionywatek.pl\/#website"},"primaryImageOfPage":{"@id":"https:\/\/wplecionywatek.pl\/index.php\/2026\/04\/21\/sama-opowiesc-o-annie-bilinskiej-recenzja\/#primaryimage"},"image":{"@id":"https:\/\/wplecionywatek.pl\/index.php\/2026\/04\/21\/sama-opowiesc-o-annie-bilinskiej-recenzja\/#primaryimage"},"thumbnailUrl":"https:\/\/wplecionywatek.pl\/wp-content\/uploads\/2026\/04\/Zdjecie-wyrozniajace-na-Blog-19.jpg","datePublished":"2026-04-21T20:08:24+00:00","dateModified":"2026-04-21T20:08:25+00:00","author":{"@id":"https:\/\/wplecionywatek.pl\/#\/schema\/person\/06b9da23e7cb1ecb959aa89d4146c7f7"},"description":"\"Sama - opowie\u015b\u0107 o Annie Bili\u0144skiej Ma\u0142gorzaty Ziewieckiej to nowo\u015b\u0107 wydana nak\u0142adem Wydawnictwa Muza. Czy warto po ni\u0105 si\u0119gna\u0107?","breadcrumb":{"@id":"https:\/\/wplecionywatek.pl\/index.php\/2026\/04\/21\/sama-opowiesc-o-annie-bilinskiej-recenzja\/#breadcrumb"},"inLanguage":"en-US","potentialAction":[{"@type":"ReadAction","target":["https:\/\/wplecionywatek.pl\/index.php\/2026\/04\/21\/sama-opowiesc-o-annie-bilinskiej-recenzja\/"]}]},{"@type":"ImageObject","inLanguage":"en-US","@id":"https:\/\/wplecionywatek.pl\/index.php\/2026\/04\/21\/sama-opowiesc-o-annie-bilinskiej-recenzja\/#primaryimage","url":"https:\/\/wplecionywatek.pl\/wp-content\/uploads\/2026\/04\/Zdjecie-wyrozniajace-na-Blog-19.jpg","contentUrl":"https:\/\/wplecionywatek.pl\/wp-content\/uploads\/2026\/04\/Zdjecie-wyrozniajace-na-Blog-19.jpg","width":1080,"height":720,"caption":"\"Sana - opowie\u015b\u0107 o Annie Bili\u0144skiej\" czyli biografia fabularyzowana."},{"@type":"BreadcrumbList","@id":"https:\/\/wplecionywatek.pl\/index.php\/2026\/04\/21\/sama-opowiesc-o-annie-bilinskiej-recenzja\/#breadcrumb","itemListElement":[{"@type":"ListItem","position":1,"name":"Home","item":"https:\/\/wplecionywatek.pl\/"},{"@type":"ListItem","position":2,"name":"\u201eSama \u2013 opowie\u015b\u0107 o Annie Bili\u0144skiej\u201d \u2013 recenzja"}]},{"@type":"WebSite","@id":"https:\/\/wplecionywatek.pl\/#website","url":"https:\/\/wplecionywatek.pl\/","name":"Wpleciony w\u0105tek","description":"","potentialAction":[{"@type":"SearchAction","target":{"@type":"EntryPoint","urlTemplate":"https:\/\/wplecionywatek.pl\/?s={search_term_string}"},"query-input":{"@type":"PropertyValueSpecification","valueRequired":true,"valueName":"search_term_string"}}],"inLanguage":"en-US"},{"@type":"Person","@id":"https:\/\/wplecionywatek.pl\/#\/schema\/person\/06b9da23e7cb1ecb959aa89d4146c7f7","name":"Magda Wpleciony W\u0105tek","image":{"@type":"ImageObject","inLanguage":"en-US","@id":"https:\/\/secure.gravatar.com\/avatar\/7bd8bf5c0ece550542167fceac5cf3214e2876f079029958ad24a928a78ed73a?s=96&d=mm&r=g","url":"https:\/\/secure.gravatar.com\/avatar\/7bd8bf5c0ece550542167fceac5cf3214e2876f079029958ad24a928a78ed73a?s=96&d=mm&r=g","contentUrl":"https:\/\/secure.gravatar.com\/avatar\/7bd8bf5c0ece550542167fceac5cf3214e2876f079029958ad24a928a78ed73a?s=96&d=mm&r=g","caption":"Magda Wpleciony W\u0105tek"},"sameAs":["http:\/\/wplecionywatek.pl"],"url":"https:\/\/wplecionywatek.pl\/index.php\/author\/admin1361\/"}]}},"jetpack_featured_media_url":"https:\/\/wplecionywatek.pl\/wp-content\/uploads\/2026\/04\/Zdjecie-wyrozniajace-na-Blog-19.jpg","jetpack_sharing_enabled":true,"_links":{"self":[{"href":"https:\/\/wplecionywatek.pl\/index.php\/wp-json\/wp\/v2\/posts\/160","targetHints":{"allow":["GET"]}}],"collection":[{"href":"https:\/\/wplecionywatek.pl\/index.php\/wp-json\/wp\/v2\/posts"}],"about":[{"href":"https:\/\/wplecionywatek.pl\/index.php\/wp-json\/wp\/v2\/types\/post"}],"author":[{"embeddable":true,"href":"https:\/\/wplecionywatek.pl\/index.php\/wp-json\/wp\/v2\/users\/1"}],"replies":[{"embeddable":true,"href":"https:\/\/wplecionywatek.pl\/index.php\/wp-json\/wp\/v2\/comments?post=160"}],"version-history":[{"count":3,"href":"https:\/\/wplecionywatek.pl\/index.php\/wp-json\/wp\/v2\/posts\/160\/revisions"}],"predecessor-version":[{"id":163,"href":"https:\/\/wplecionywatek.pl\/index.php\/wp-json\/wp\/v2\/posts\/160\/revisions\/163"}],"wp:featuredmedia":[{"embeddable":true,"href":"https:\/\/wplecionywatek.pl\/index.php\/wp-json\/wp\/v2\/media\/166"}],"wp:attachment":[{"href":"https:\/\/wplecionywatek.pl\/index.php\/wp-json\/wp\/v2\/media?parent=160"}],"wp:term":[{"taxonomy":"category","embeddable":true,"href":"https:\/\/wplecionywatek.pl\/index.php\/wp-json\/wp\/v2\/categories?post=160"},{"taxonomy":"post_tag","embeddable":true,"href":"https:\/\/wplecionywatek.pl\/index.php\/wp-json\/wp\/v2\/tags?post=160"}],"curies":[{"name":"wp","href":"https:\/\/api.w.org\/{rel}","templated":true}]}}